{"id":18603,"date":"2026-09-02T12:00:00","date_gmt":"2026-09-02T12:00:00","guid":{"rendered":"https:\/\/idd.md\/i4dd-lanseaza-proiectul-growing-a-safer-moldova\/"},"modified":"2026-09-03T12:43:46","modified_gmt":"2026-09-03T12:43:46","slug":"i4dd-lanseaza-proiectul-growing-a-safer-moldova","status":"publish","type":"post","link":"https:\/\/idd.md\/en\/i4dd-lanseaza-proiectul-growing-a-safer-moldova\/","title":{"rendered":"I4DD lanseaz\u0103 proiectul \u201eGrowing a Safer Moldova\u201d, dedicat consolid\u0103rii securit\u0103\u021bii \u0219i rezilien\u021bei Republicii Moldova"},"content":{"rendered":"<p class=\"wp-block-paragraph\"><strong>Chi\u0219in\u0103u, 2 septembrie 2026<\/strong> \u2014 Institutul pentru Democra\u021bie \u0219i Dezvoltare (I4DD) a deschis o nou\u0103 etap\u0103 \u00een dezvoltarea direc\u021biilor sale de activitate prin lansarea proiectului <strong>\u201eGrowing a Safer Moldova\u201d<\/strong>, parte a programului regional <em>Building Resilience in the Eastern Neighbourhood II<\/em> (BREN II), implementat cu sprijinul Institute for War &amp; Peace Reporting (IWPR) \u0219i al Guvernului Regatului Unit.<\/p>\n\n\n\n<p class=\"wp-block-paragraph\">Lansarea a avut loc \u00een cadrul evenimentului oficial de lansare a programului BREN II 2026\u20132027, desf\u0103\u0219urat la Chi\u0219in\u0103u, \u00een prezen\u021ba E.S. <strong>Fern Horine<\/strong>, Ambasadoarea Regatului Unit \u00een Republica Moldova, a dnei <strong>Nino Pachuashvili<\/strong>, manager de proiect BREN, precum \u0219i a reprezentan\u021bilor organiza\u021biilor partenere.<\/p>\n\n\n\n<p class=\"wp-block-paragraph\">\u00cen mesajele de deschidere a fost eviden\u021biat\u0103 importan\u021ba cooper\u0103rii dintre autorit\u0103\u021bi, societatea civil\u0103 \u0219i partenerii interna\u021bionali pentru consolidarea rezilien\u021bei democratice \u0219i institu\u021bionale a Republicii Moldova.<\/p>\n\n\n\n<figure class=\"wp-block-gallery has-nested-images columns-3 is-cropped wp-block-gallery-1 is-layout-flex wp-block-gallery-is-layout-flex\">\n\n<figure class=\"wp-block-image size-large\"><a href=\"https:\/\/idd.md\/wp-content\/uploads\/2026\/09\/bren2sept-9716.jpg\"><img fetchpriority=\"high\" decoding=\"async\" width=\"1024\" height=\"791\" data-id=\"18596\" src=\"https:\/\/idd.md\/wp-content\/uploads\/2026\/09\/bren2sept-9716-1024x791.jpg\" alt=\"Lansarea proiectului Growing a Safer Moldova, Chi\u0219in\u0103u, 2 septembrie 2026\" class=\"wp-image-18596\" srcset=\"https:\/\/idd.md\/wp-content\/uploads\/2026\/09\/bren2sept-9716-1024x791.jpg 1024w, https:\/\/idd.md\/wp-content\/uploads\/2026\/09\/bren2sept-9716-300x232.jpg 300w, https:\/\/idd.md\/wp-content\/uploads\/2026\/09\/bren2sept-9716-768x594.jpg 768w, https:\/\/idd.md\/wp-content\/uploads\/2026\/09\/bren2sept-9716-1536x1187.jpg 1536w, https:\/\/idd.md\/wp-content\/uploads\/2026\/09\/bren2sept-9716-2048x1583.jpg 2048w, https:\/\/idd.md\/wp-content\/uploads\/2026\/09\/bren2sept-9716-16x12.jpg 16w, https:\/\/idd.md\/wp-content\/uploads\/2026\/09\/bren2sept-9716-900x696.jpg 900w\" sizes=\"(max-width: 1024px) 100vw, 1024px\" \/><\/a><\/figure>\n\n\n\n<figure class=\"wp-block-image size-large\"><a href=\"https:\/\/idd.md\/wp-content\/uploads\/2026\/09\/7e66a07b-6006-4d0b-9f99-4b11c9d53880.jpg\"><img decoding=\"async\" width=\"1024\" height=\"824\" data-id=\"18597\" src=\"https:\/\/idd.md\/wp-content\/uploads\/2026\/09\/7e66a07b-6006-4d0b-9f99-4b11c9d53880-1024x824.jpg\" alt=\"Lansarea proiectului Growing a Safer Moldova, Chi\u0219in\u0103u, 2 septembrie 2026\" class=\"wp-image-18597\" srcset=\"https:\/\/idd.md\/wp-content\/uploads\/2026\/09\/7e66a07b-6006-4d0b-9f99-4b11c9d53880-1024x824.jpg 1024w, https:\/\/idd.md\/wp-content\/uploads\/2026\/09\/7e66a07b-6006-4d0b-9f99-4b11c9d53880-300x241.jpg 300w, https:\/\/idd.md\/wp-content\/uploads\/2026\/09\/7e66a07b-6006-4d0b-9f99-4b11c9d53880-768x618.jpg 768w, https:\/\/idd.md\/wp-content\/uploads\/2026\/09\/7e66a07b-6006-4d0b-9f99-4b11c9d53880-1536x1236.jpg 1536w, https:\/\/idd.md\/wp-content\/uploads\/2026\/09\/7e66a07b-6006-4d0b-9f99-4b11c9d53880-15x12.jpg 15w, https:\/\/idd.md\/wp-content\/uploads\/2026\/09\/7e66a07b-6006-4d0b-9f99-4b11c9d53880-900x724.jpg 900w, https:\/\/idd.md\/wp-content\/uploads\/2026\/09\/7e66a07b-6006-4d0b-9f99-4b11c9d53880.jpg 1842w\" sizes=\"(max-width: 1024px) 100vw, 1024px\" \/><\/a><\/figure>\n\n\n\n<figure class=\"wp-block-image size-large\"><a href=\"https:\/\/idd.md\/wp-content\/uploads\/2026\/09\/79524796-7261-4b81-90a1-11ceb394fd38.jpg\"><img decoding=\"async\" width=\"1024\" height=\"799\" data-id=\"18598\" src=\"https:\/\/idd.md\/wp-content\/uploads\/2026\/09\/79524796-7261-4b81-90a1-11ceb394fd38-1024x799.jpg\" alt=\"Lansarea proiectului Growing a Safer Moldova, Chi\u0219in\u0103u, 2 septembrie 2026\" class=\"wp-image-18598\" srcset=\"https:\/\/idd.md\/wp-content\/uploads\/2026\/09\/79524796-7261-4b81-90a1-11ceb394fd38-1024x799.jpg 1024w, https:\/\/idd.md\/wp-content\/uploads\/2026\/09\/79524796-7261-4b81-90a1-11ceb394fd38-300x234.jpg 300w, https:\/\/idd.md\/wp-content\/uploads\/2026\/09\/79524796-7261-4b81-90a1-11ceb394fd38-768x599.jpg 768w, https:\/\/idd.md\/wp-content\/uploads\/2026\/09\/79524796-7261-4b81-90a1-11ceb394fd38-15x12.jpg 15w, https:\/\/idd.md\/wp-content\/uploads\/2026\/09\/79524796-7261-4b81-90a1-11ceb394fd38-900x702.jpg 900w, https:\/\/idd.md\/wp-content\/uploads\/2026\/09\/79524796-7261-4b81-90a1-11ceb394fd38.jpg 1536w\" sizes=\"(max-width: 1024px) 100vw, 1024px\" \/><\/a><\/figure>\n\n\n\n<figure class=\"wp-block-image size-large\"><a href=\"https:\/\/idd.md\/wp-content\/uploads\/2026\/09\/bren2sept-9501.jpg\"><img loading=\"lazy\" decoding=\"async\" width=\"1024\" height=\"791\" data-id=\"18599\" src=\"https:\/\/idd.md\/wp-content\/uploads\/2026\/09\/bren2sept-9501-1024x791.jpg\" alt=\"Lansarea proiectului Growing a Safer Moldova, Chi\u0219in\u0103u, 2 septembrie 2026\" class=\"wp-image-18599\" srcset=\"https:\/\/idd.md\/wp-content\/uploads\/2026\/09\/bren2sept-9501-1024x791.jpg 1024w, https:\/\/idd.md\/wp-content\/uploads\/2026\/09\/bren2sept-9501-300x232.jpg 300w, https:\/\/idd.md\/wp-content\/uploads\/2026\/09\/bren2sept-9501-768x594.jpg 768w, https:\/\/idd.md\/wp-content\/uploads\/2026\/09\/bren2sept-9501-1536x1187.jpg 1536w, https:\/\/idd.md\/wp-content\/uploads\/2026\/09\/bren2sept-9501-2048x1583.jpg 2048w, https:\/\/idd.md\/wp-content\/uploads\/2026\/09\/bren2sept-9501-16x12.jpg 16w, https:\/\/idd.md\/wp-content\/uploads\/2026\/09\/bren2sept-9501-900x696.jpg 900w\" sizes=\"(max-width: 1024px) 100vw, 1024px\" \/><\/a><\/figure>\n\n\n\n<figure class=\"wp-block-image size-large\"><a href=\"https:\/\/idd.md\/wp-content\/uploads\/2026\/09\/bren2sept-9646.jpg\"><img loading=\"lazy\" decoding=\"async\" width=\"791\" height=\"1024\" data-id=\"18600\" src=\"https:\/\/idd.md\/wp-content\/uploads\/2026\/09\/bren2sept-9646-791x1024.jpg\" alt=\"Lansarea proiectului Growing a Safer Moldova, Chi\u0219in\u0103u, 2 septembrie 2026\" class=\"wp-image-18600\" srcset=\"https:\/\/idd.md\/wp-content\/uploads\/2026\/09\/bren2sept-9646-791x1024.jpg 791w, https:\/\/idd.md\/wp-content\/uploads\/2026\/09\/bren2sept-9646-232x300.jpg 232w, https:\/\/idd.md\/wp-content\/uploads\/2026\/09\/bren2sept-9646-768x994.jpg 768w, https:\/\/idd.md\/wp-content\/uploads\/2026\/09\/bren2sept-9646-1187x1536.jpg 1187w, https:\/\/idd.md\/wp-content\/uploads\/2026\/09\/bren2sept-9646-1583x2048.jpg 1583w, https:\/\/idd.md\/wp-content\/uploads\/2026\/09\/bren2sept-9646-9x12.jpg 9w, https:\/\/idd.md\/wp-content\/uploads\/2026\/09\/bren2sept-9646-900x1164.jpg 900w, https:\/\/idd.md\/wp-content\/uploads\/2026\/09\/bren2sept-9646.jpg 1855w\" sizes=\"(max-width: 791px) 100vw, 791px\" \/><\/a><\/figure>\n\n\n\n<figure class=\"wp-block-image size-large\"><a href=\"https:\/\/idd.md\/wp-content\/uploads\/2026\/09\/bren2sept-9707.jpg\"><img loading=\"lazy\" decoding=\"async\" width=\"1024\" height=\"931\" data-id=\"18601\" src=\"https:\/\/idd.md\/wp-content\/uploads\/2026\/09\/bren2sept-9707-1024x931.jpg\" alt=\"Lansarea proiectului Growing a Safer Moldova, Chi\u0219in\u0103u, 2 septembrie 2026\" class=\"wp-image-18601\" srcset=\"https:\/\/idd.md\/wp-content\/uploads\/2026\/09\/bren2sept-9707-1024x931.jpg 1024w, https:\/\/idd.md\/wp-content\/uploads\/2026\/09\/bren2sept-9707-300x273.jpg 300w, https:\/\/idd.md\/wp-content\/uploads\/2026\/09\/bren2sept-9707-768x698.jpg 768w, https:\/\/idd.md\/wp-content\/uploads\/2026\/09\/bren2sept-9707-1536x1396.jpg 1536w, https:\/\/idd.md\/wp-content\/uploads\/2026\/09\/bren2sept-9707-13x12.jpg 13w, https:\/\/idd.md\/wp-content\/uploads\/2026\/09\/bren2sept-9707-900x818.jpg 900w, https:\/\/idd.md\/wp-content\/uploads\/2026\/09\/bren2sept-9707.jpg 2013w\" sizes=\"(max-width: 1024px) 100vw, 1024px\" \/><\/a><\/figure>\n\n<\/figure>\n\n\n\n<p class=\"wp-block-paragraph\">Proiectul \u201eGrowing a Safer Moldova\u201d urm\u0103re\u0219te s\u0103 contribuie la consolidarea securit\u0103\u021bii \u0219i rezilien\u021bei institu\u021bionale a Republicii Moldova prin dezvoltarea capacit\u0103\u021bilor, cooper\u0103rii \u0219i nivelului de preg\u0103tire al actorilor relevan\u021bi. O aten\u021bie distinct\u0103 va fi acordat\u0103 comunit\u0103\u021bilor din <strong>Zona de Securitate<\/strong> \u0219i provoc\u0103rilor generate de conflictul transnistrean nesolu\u021bionat.<\/p>\n\n\n\n<p class=\"wp-block-paragraph\">Proiectul va aduce \u00eempreun\u0103 reprezentan\u021bi ai autorit\u0103\u021bilor centrale \u0219i locale, profesioni\u0219ti din domeniul aplic\u0103rii legii \u0219i justi\u021biei, lidere \u0219i lideri locali din Zona de Securitate \u0219i organiza\u021bii ale societ\u0103\u021bii civile.<\/p>\n\n\n\n<h2 class=\"wp-block-heading\">Obiectivele \u0219i activit\u0103\u021bile proiectului<\/h2>\n\n\n\n<ul class=\"wp-block-list\"><li>Elaborarea unei cercet\u0103ri privind necesit\u0103\u021bile, percep\u021biile \u0219i solu\u021biile propuse de reprezentan\u021bii autorit\u0103\u021bilor de aplicare a legii \u0219i ai sectorului justi\u021biei \u00een raport cu provoc\u0103rile de securitate asociate conflictului transnistrean, precum \u0219i formularea unor recomand\u0103ri practice pentru consolidarea capacit\u0103\u021bilor institu\u021bionale, a cooper\u0103rii interinstitu\u021bionale, a \u00eencrederii publice \u0219i a abord\u0103rilor centrate pe comunitate;<\/li><li>Consolidarea capacit\u0103\u021bilor liderelor \u0219i liderilor locali din Zona de Securitate, ale reprezentan\u021bilor institu\u021biilor de aplicare a legii \u0219i ale altor actori implica\u021bi \u00een implementarea PNAFPS 2023\u20132027, prin promovarea implement\u0103rii la nivel local a Agendei Femeile, Pacea \u0219i Securitatea \u0219i a abord\u0103rii Triple Nexus, precum \u0219i prin dezvoltarea competen\u021belor de utilizare responsabil\u0103 a inteligen\u021bei artificiale pentru prevenirea dezinform\u0103rii, securitate cibernetic\u0103 \u0219i comunicare public\u0103 etic\u0103 \u00een situa\u021bii de criz\u0103 \u0219i conflict;<\/li><li>Facilitarea sesiunilor de mentorat prin \u00eenv\u0103\u021bare \u00eentre egali \u2014 20 de sesiuni de mentorat;<\/li><li>Consolidarea rolului organiza\u021biilor societ\u0103\u021bii civile prin sus\u021binerea activit\u0103\u021bii Grupului de Ini\u021biativ\u0103 privind Femeile, Pacea \u0219i Securitatea, condus de I4DD \u00een anul 2026.<\/li><\/ul>\n\n\n\n<p class=\"wp-block-paragraph\">Prin proiectul \u201eGrowing a Safer Moldova\u201d, I4DD \u00ee\u0219i propune s\u0103 contribuie la o societate mai rezilient\u0103, mai incluziv\u0103 \u0219i mai bine preg\u0103tit\u0103 s\u0103 r\u0103spund\u0103 provoc\u0103rilor actuale \u0219i viitoare de securitate.<\/p>\n\n\n\n<p class=\"wp-block-paragraph\" style=\"font-size:14px;color:#6B7280\"><em>Proiectul este implementat \u00een cadrul programului BREN II, cu sprijinul Institute for War &amp; Peace Reporting (IWPR) \u0219i al Guvernului Regatului Unit. Opiniile, constat\u0103rile \u0219i concluziile exprimate apar\u021bin autorilor \u0219i nu reflect\u0103 neap\u0103rat pozi\u021bia IWPR sau a Guvernului Regatului Unit.<\/em><\/p>","protected":false},"excerpt":{"rendered":"<p>I4DD a lansat proiectul \u201eGrowing a Safer Moldova\u201d, parte a programului regional BREN II, implementat cu sprijinul IWPR \u0219i al Guvernului Regatului Unit, dedicat consolid\u0103rii securit\u0103\u021bii \u0219i rezilien\u021bei institu\u021bionale a Republicii Moldova.<\/p>","protected":false},"author":1,"featured_media":18596,"comment_status":"closed","ping_status":"closed","sticky":false,"template":"","format":"standard","meta":{"footnotes":""},"categories":[50],"tags":[],"class_list":["post-18603","post","type-post","status-publish","format-standard","has-post-thumbnail","hentry","category-comunicat-de-presa"],"_links":{"self":[{"href":"https:\/\/idd.md\/en\/wp-json\/wp\/v2\/posts\/18603","targetHints":{"allow":["GET"]}}],"collection":[{"href":"https:\/\/idd.md\/en\/wp-json\/wp\/v2\/posts"}],"about":[{"href":"https:\/\/idd.md\/en\/wp-json\/wp\/v2\/types\/post"}],"author":[{"embeddable":true,"href":"https:\/\/idd.md\/en\/wp-json\/wp\/v2\/users\/1"}],"replies":[{"embeddable":true,"href":"https:\/\/idd.md\/en\/wp-json\/wp\/v2\/comments?post=18603"}],"version-history":[{"count":1,"href":"https:\/\/idd.md\/en\/wp-json\/wp\/v2\/posts\/18603\/revisions"}],"predecessor-version":[{"id":18604,"href":"https:\/\/idd.md\/en\/wp-json\/wp\/v2\/posts\/18603\/revisions\/18604"}],"wp:featuredmedia":[{"embeddable":true,"href":"https:\/\/idd.md\/en\/wp-json\/wp\/v2\/media\/18596"}],"wp:attachment":[{"href":"https:\/\/idd.md\/en\/wp-json\/wp\/v2\/media?parent=18603"}],"wp:term":[{"taxonomy":"category","embeddable":true,"href":"https:\/\/idd.md\/en\/wp-json\/wp\/v2\/categories?post=18603"},{"taxonomy":"post_tag","embeddable":true,"href":"https:\/\/idd.md\/en\/wp-json\/wp\/v2\/tags?post=18603"}],"curies":[{"name":"wp","href":"https:\/\/api.w.org\/{rel}","templated":true}]}}